{"id":1015,"date":"2021-01-30T21:15:26","date_gmt":"2021-01-30T20:15:26","guid":{"rendered":"https:\/\/site.aefoot92.com\/?p=1015"},"modified":"2021-02-03T11:42:53","modified_gmt":"2021-02-03T10:42:53","slug":"gerard-bellehigue-nouveau-president-de-laef-nationale","status":"publish","type":"post","link":"https:\/\/site.aefoot92.com\/?p=1015","title":{"rendered":"GERARD BELLEHIGUE nouveau Pr\u00e9sident de l&rsquo;AEF Nationale"},"content":{"rendered":"\n<p>Nous sommes heureux de vous pr\u00e9senter le premier bilan de l&rsquo;Assembl\u00e9e G\u00e9n\u00e9rale de l&rsquo;AEF Nationale qui s&rsquo;est tenue ce jour \u00e0 la FFF pour quelques membres et en visioconf\u00e9rence pour la grande majorit\u00e9 des d\u00e9l\u00e9gu\u00e9s d\u00e9partementaux et r\u00e9gionaux.<\/p>\n\n\n\n<p>Dans son discours inaugural <strong>G\u00e9rard BELLEHIGUE<\/strong> s&rsquo;est montr\u00e9 combatif et ambitieux, avec sa nouvelle \u00e9quipe qu&rsquo;il a qualifi\u00e9e de plurielle et \u00e9quilibr\u00e9e, il a pr\u00e9sent\u00e9 un plan <strong>\u00ab\u00a0AMBITION 2024\u00a0\u00bb.<\/strong>  Avec 3 objectifs majeurs:<\/p>\n\n\n\n<p><strong>Refondre structurellement l&rsquo;AEF tout en conservant ses valeurs.<\/strong><\/p>\n\n\n\n<p><strong>Fid\u00e9liser et renforcer le nombre des amicalistes en \u00e9tant \u00e0 l&rsquo;\u00e9coute des attentes tout en renfor\u00e7ant notre l\u00e9gitimit\u00e9.<\/strong><\/p>\n\n\n\n<p><strong>D\u00e9velopper des ressources financi\u00e8res avec des partenariats pour apporter de nouveaux services<\/strong> <strong>aux adh\u00e9rents.<\/strong><\/p>\n\n\n\n<p>L&rsquo;AEF 92 a bien aid\u00e9 \u00e0 l&rsquo;organisation et \u00e0 la r\u00e9ussite de cette r\u00e9union qui \u00e9tait la derni\u00e8re AG en sa qualit\u00e9 de Pr\u00e9sident de <strong>Jean Marie LAWNICZAK<\/strong>, ancien Pr\u00e9sident de l&rsquo;AEF 92 et de L&rsquo;AEF PARIS IDF, mais surtout de l&rsquo;AEF Nationale depuis 1998.<\/p>\n\n\n\n<p>Avec Charles MORISSEAU, nous avons assur\u00e9 la logistique de cette assembl\u00e9e, nos t\u00e2ches ont \u00e9t\u00e9 les suivantes:  le vendredi 29 janvier.   Mise au point et essais des connexions <\/p>\n\n\n\n<p>Le samedi 30 janvier:        Installation de notre QG Logistique au fond de l&rsquo;amphith\u00e9\u00e2tre de la FFF, ouverture de la visio ZOOM e accueil des d\u00e9l\u00e9gu\u00e9s d\u00e9partementaux, il a fallu assurer la hot line pour ceux qui avaient des soucis de connexion, des oublis de code ou d&rsquo;\u00e9margement.<\/p>\n\n\n\n<p>Pendant l&rsquo;AG il a fallu swicher r\u00e9guli\u00e8rement les partages de connexion entre les intervenants ext\u00e9rieurs, le passage des slides de la pr\u00e9sentation, et la connexion avec la soci\u00e9t\u00e9 d&rsquo;organisation des votes.<\/p>\n\n\n\n<p>La partie la plus plaisante parce que la plus foot, a \u00e9t\u00e9 la lecture des questions pos\u00e9es par des d\u00e9l\u00e9gu\u00e9s \u00e0 l&rsquo;invit\u00e9 de cette assembl\u00e9e, notre ancien DTR Jean Claude GIUNTINI, Charles faisant le porte parole pour poser les questions aupr\u00e8s de l&rsquo;ancien s\u00e9lectionneur national des Jeunes, tout r\u00e9cemment \u00e9lu \u00e0 un r\u00f4le de retrait\u00e9.<\/p>\n\n\n\n<p>L&rsquo;AEF 92 et donc l&rsquo;AEF PARIS IDF ont donc parfaitement collabor\u00e9 avec l&rsquo;AEF Nationale, il \u00e9tait souvent reproch\u00e9 aux parisiens de ne pas aider l&rsquo;AEF Nationale comme le font les AEF de province lorsque nous nous rendons chez eux. Un beau rattrapage bien appr\u00e9ci\u00e9 aujourd&rsquo;hui.<\/p>\n\n\n\n<p>Voici ci dessous les premi\u00e8res photos de cette journ\u00e9e, nous attendrons un peu l&rsquo;intervention de Jean Claude GIUNTINI sur la Formation Fran\u00e7aise \u00e0 l&rsquo;\u00e9tranger.<\/p>\n\n\n\n<p>Bravo aux nouveaux \u00e9lus et vive l&rsquo;AEF 92.<\/p>\n\n\n\n<p>Notre document est en pdf vous cliquez en bas \u00e0 gauche pour tourner ces 5 pages.<\/p>\n\n\n<a href=\"https:\/\/site.aefoot92.com\/wp-content\/uploads\/2021\/01\/REMERCIEMENTS-AEF-PARIS-IDF.pdf\" class=\"pdfemb-viewer\" style=\"\" data-width=\"max\" data-height=\"max\" data-toolbar=\"bottom\" data-toolbar-fixed=\"off\">REMERCIEMENTS-AEF-PARIS-IDF<\/a>\n<p class=\"wp-block-pdfemb-pdf-embedder-viewer\"><\/p>\n\n\n\n<p><\/p>\n","protected":false},"excerpt":{"rendered":"<p>Nous sommes heureux de vous pr\u00e9senter le premier bilan de l&rsquo;Assembl\u00e9e G\u00e9n\u00e9rale de l&rsquo;AEF Nationale qui s&rsquo;est tenue ce jour \u00e0 la FFF pour quelques membres et en visioconf\u00e9rence pour la grande majorit\u00e9 des d\u00e9l\u00e9gu\u00e9s d\u00e9partementaux et r\u00e9gionaux. Dans son &hellip; <a href=\"https:\/\/site.aefoot92.com\/?p=1015\">Continuer la lecture <span class=\"meta-nav\">&rarr;<\/span><\/a><\/p>\n","protected":false},"author":1,"featured_media":0,"comment_status":"open","ping_status":"open","sticky":false,"template":"","format":"standard","meta":{"footnotes":""},"categories":[1],"tags":[],"class_list":["post-1015","post","type-post","status-publish","format-standard","hentry","category-non-classe"],"_links":{"self":[{"href":"https:\/\/site.aefoot92.com\/index.php?rest_route=\/wp\/v2\/posts\/1015","targetHints":{"allow":["GET"]}}],"collection":[{"href":"https:\/\/site.aefoot92.com\/index.php?rest_route=\/wp\/v2\/posts"}],"about":[{"href":"https:\/\/site.aefoot92.com\/index.php?rest_route=\/wp\/v2\/types\/post"}],"author":[{"embeddable":true,"href":"https:\/\/site.aefoot92.com\/index.php?rest_route=\/wp\/v2\/users\/1"}],"replies":[{"embeddable":true,"href":"https:\/\/site.aefoot92.com\/index.php?rest_route=%2Fwp%2Fv2%2Fcomments&post=1015"}],"version-history":[{"count":8,"href":"https:\/\/site.aefoot92.com\/index.php?rest_route=\/wp\/v2\/posts\/1015\/revisions"}],"predecessor-version":[{"id":1045,"href":"https:\/\/site.aefoot92.com\/index.php?rest_route=\/wp\/v2\/posts\/1015\/revisions\/1045"}],"wp:attachment":[{"href":"https:\/\/site.aefoot92.com\/index.php?rest_route=%2Fwp%2Fv2%2Fmedia&parent=1015"}],"wp:term":[{"taxonomy":"category","embeddable":true,"href":"https:\/\/site.aefoot92.com\/index.php?rest_route=%2Fwp%2Fv2%2Fcategories&post=1015"},{"taxonomy":"post_tag","embeddable":true,"href":"https:\/\/site.aefoot92.com\/index.php?rest_route=%2Fwp%2Fv2%2Ftags&post=1015"}],"curies":[{"name":"wp","href":"https:\/\/api.w.org\/{rel}","templated":true}]}}