{"id":1196,"date":"2021-03-03T12:31:42","date_gmt":"2021-03-03T11:31:42","guid":{"rendered":"https:\/\/site.aefoot92.com\/?p=1196"},"modified":"2021-03-04T23:17:36","modified_gmt":"2021-03-04T22:17:36","slug":"la-lettre-n13-aux-amicalistes-aef-92","status":"publish","type":"post","link":"https:\/\/site.aefoot92.com\/?p=1196","title":{"rendered":"LA LETTRE N\u00b013 AUX AMICALISTES AEF 92"},"content":{"rendered":"\n<figure class=\"wp-block-image size-large\"><img loading=\"lazy\" decoding=\"async\" width=\"998\" height=\"212\" src=\"https:\/\/site.aefoot92.com\/wp-content\/uploads\/2021\/03\/image.png\" alt=\"\" class=\"wp-image-1197\" srcset=\"https:\/\/site.aefoot92.com\/wp-content\/uploads\/2021\/03\/image.png 998w, https:\/\/site.aefoot92.com\/wp-content\/uploads\/2021\/03\/image-300x64.png 300w, https:\/\/site.aefoot92.com\/wp-content\/uploads\/2021\/03\/image-768x163.png 768w, https:\/\/site.aefoot92.com\/wp-content\/uploads\/2021\/03\/image-500x106.png 500w\" sizes=\"auto, (max-width: 998px) 100vw, 998px\" \/><figcaption><strong><span style=\"color:#f22f26\" class=\"has-inline-color\">MARS 2021.   LETTRE AUX EDUCATEURS N\u00b013<\/span><\/strong><\/figcaption><\/figure>\n\n\n\n<figure class=\"wp-block-image size-large\"><img loading=\"lazy\" decoding=\"async\" width=\"1024\" height=\"119\" src=\"https:\/\/site.aefoot92.com\/wp-content\/uploads\/2021\/03\/Capture-decran-2021-03-04-a-23.14.59-1024x119.png\" alt=\"\" class=\"wp-image-1206\" srcset=\"https:\/\/site.aefoot92.com\/wp-content\/uploads\/2021\/03\/Capture-decran-2021-03-04-a-23.14.59-1024x119.png 1024w, https:\/\/site.aefoot92.com\/wp-content\/uploads\/2021\/03\/Capture-decran-2021-03-04-a-23.14.59-300x35.png 300w, https:\/\/site.aefoot92.com\/wp-content\/uploads\/2021\/03\/Capture-decran-2021-03-04-a-23.14.59-768x89.png 768w, https:\/\/site.aefoot92.com\/wp-content\/uploads\/2021\/03\/Capture-decran-2021-03-04-a-23.14.59-500x58.png 500w, https:\/\/site.aefoot92.com\/wp-content\/uploads\/2021\/03\/Capture-decran-2021-03-04-a-23.14.59.png 1052w\" sizes=\"auto, (max-width: 1024px) 100vw, 1024px\" \/><\/figure>\n\n\n\n<p>Dans ce nouveau rendez-vous nous allons continuer \u00e0 te transmettre des liens qui te permettront d\u2019en savoir plus et de rejoindre l\u2019article concern\u00e9. <strong>EXCELLENTE LECTURE<\/strong><\/p>\n\n\n\n<div class=\"wp-block-image\"><figure class=\"alignleft size-large is-resized\"><img loading=\"lazy\" decoding=\"async\" src=\"https:\/\/site.aefoot92.com\/wp-content\/uploads\/2021\/03\/Capture-decran-2021-03-03-a-12.19.03.png\" alt=\"\" class=\"wp-image-1199\" width=\"163\" height=\"164\"\/><\/figure><\/div>\n\n\n\n<p><strong>CARNET ROSE <\/strong><\/p>\n\n\n\n<p><strong>ROMAIN GUGGINO <\/strong>Notre ami de l&rsquo;ACBB a le plaisir de vous annoncer la venue au monde de <strong>LANA <\/strong>La maman se porte bien et Lana mesure 53cms et pesait \u00e0 la naissance 3,7kgs.<\/p>\n\n\n\n<p>Bienvenue LANA Papa Romain te fera conna\u00eetre le PARIS SG.<\/p>\n\n\n\n<p>Le meilleur de l\u2019analyse tactique, co-anim\u00e9 par <strong>Rapha\u00ebl COSMIDIS<\/strong>, journaliste et analyste et ses comp\u00e8res, Christophe Kuchly et Florent Toniutti. Cette \u00e9mission en podcast, est le lieu id\u00e9al pour parler du football sous un angle vu du Jeu, de la tactique et du choix des entra\u00eeneurs. Cliquez \u00ab&nbsp;<a href=\"https:\/\/soundcloud.com\/vudubancpodcast\"><strong>ICI<\/strong><\/a>&nbsp;\u00bb.<strong>J&rsquo;appr\u00e9cies le \u00ab\u00a0parler foot\u00a0\u00bb de VU DU BANC<\/strong><\/p>\n\n\n\n<figure class=\"wp-block-image size-large is-resized\"><img loading=\"lazy\" decoding=\"async\" src=\"https:\/\/site.aefoot92.com\/wp-content\/uploads\/2021\/03\/Capture-decran-2021-03-03-a-12.21.34-1024x118.png\" alt=\"\" class=\"wp-image-1200\" width=\"608\" height=\"70\" srcset=\"https:\/\/site.aefoot92.com\/wp-content\/uploads\/2021\/03\/Capture-decran-2021-03-03-a-12.21.34-1024x118.png 1024w, https:\/\/site.aefoot92.com\/wp-content\/uploads\/2021\/03\/Capture-decran-2021-03-03-a-12.21.34-300x35.png 300w, https:\/\/site.aefoot92.com\/wp-content\/uploads\/2021\/03\/Capture-decran-2021-03-03-a-12.21.34-768x88.png 768w, https:\/\/site.aefoot92.com\/wp-content\/uploads\/2021\/03\/Capture-decran-2021-03-03-a-12.21.34-500x58.png 500w, https:\/\/site.aefoot92.com\/wp-content\/uploads\/2021\/03\/Capture-decran-2021-03-03-a-12.21.34.png 1130w\" sizes=\"auto, (max-width: 608px) 100vw, 608px\" \/><\/figure>\n\n\n\n<div class=\"wp-block-image\"><figure class=\"alignleft size-large\"><img loading=\"lazy\" decoding=\"async\" width=\"200\" height=\"160\" src=\"https:\/\/site.aefoot92.com\/wp-content\/uploads\/2021\/03\/image.jpeg\" alt=\"\" class=\"wp-image-1201\"\/><\/figure><\/div>\n\n\n\n<p><strong>NOUVELLES REGLES DES \u00ab&nbsp;6 METRES&nbsp;\u00bb<\/strong> <\/p>\n\n\n\n<p>&nbsp;Depuis 2019, la r\u00e8gle a \u00e9volu\u00e9 et donne aux d\u00e9fenseurs plus de temps et plus&nbsp;&nbsp;&nbsp;&nbsp;d\u2019espaces pour des relances courtes, quel impact que mon projet de jeu, quelles questions l\u2019\u00e9ducateur doit-il se poser dans la fa\u00e7on dont il va faire jouer son \u00e9quipe, retrouvez un outil de r\u00e9flexion&nbsp;\u00ab&nbsp;<a href=\"https:\/\/site.aefoot92.com\/?p=1158\">ICI<\/a>&nbsp;\u00bb.<\/p>\n\n\n\n<div class=\"wp-block-image\"><figure class=\"alignright size-large\"><img loading=\"lazy\" decoding=\"async\" width=\"228\" height=\"152\" src=\"https:\/\/site.aefoot92.com\/wp-content\/uploads\/2021\/03\/image-1.jpeg\" alt=\"\" class=\"wp-image-1202\"\/><figcaption>ENSEMBLE NOUS SERONS PLUS FORTS<\/figcaption><\/figure><\/div>\n\n\n\n<p>Christian PORNIN avait demand\u00e9 au nouveau comit\u00e9 directeur de retrouver un lien plus \u00e9troit avec nos amicalistes et d\u2019atteindre dans un premier temps les 50 amicalistes c\u2019est un objectif atteint, maintenant nous allons vous proposer une cotisation d\u00e9gressive gr\u00e2ce \u00e0 un forfait club d\u2019adh\u00e9sion collective. Le comit\u00e9 directeur du 22 f\u00e9vrier \u00e0 en effet approuv\u00e9 avec exp\u00e9rimentation m\u00e9diate le principe du \u00ab&nbsp;Forfait-Club&nbsp;\u00bb. Cliquez&nbsp;<a href=\"https:\/\/site.aefoot92.com\/?p=1161\"><strong>\u00ab\u00a0ICI\u00a0\u00bb<\/strong><\/a><\/p>\n\n\n\n<p><strong>ANIMER L\u2019organisation de la pratique Processus d\u2019apprentissage et proc\u00e9dures d\u2019enseignement &#8211; document FIFA&nbsp;<\/strong><\/p>\n\n\n\n<p><strong>LES COMP\u00c9TENCES D\u2019ENSEIGNEMENT D\u2019UN \u00c9DUCATEUR SPORTIF<\/strong><\/p>\n\n\n\n<p><strong>Sur le site internet de l\u2019AEFOOT.COM retrouvez cet article&nbsp;<\/strong><a href=\"https:\/\/www.aefoot.com\/actualites\/animer-lorganisation-de-pratique-processus-dapprentissage-procedures-denseignement\"><strong>\u00ab\u00a0ICI\u00a0\u00bb<\/strong><\/a><\/p>\n\n\n\n<p><strong>L\u2019AEF 92 se retrouve sur Twitter, Facebook et son site d\u00e9partemental&nbsp;<\/strong><a href=\"http:\/\/www.aefoot92.com\/\"><strong>www.aefoot92.com<\/strong><\/a><\/p>\n\n\n\n<p>BONNE RENTREE A TOUS BON MOIS DE MARS <\/p>\n\n\n\n<figure class=\"wp-block-image size-large\"><img loading=\"lazy\" decoding=\"async\" width=\"106\" height=\"106\" src=\"https:\/\/site.aefoot92.com\/wp-content\/uploads\/2021\/03\/image-1.png\" alt=\"\" class=\"wp-image-1203\"\/><figcaption>POUR ADHERER RIEN DE PLUS SIMPLE <\/figcaption><\/figure>\n\n\n\n<figure class=\"wp-block-embed is-type-wp-embed is-provider-association-des-educateurs-aef-92 wp-block-embed-association-des-educateurs-aef-92\"><div class=\"wp-block-embed__wrapper\">\nhttps:\/\/site.aefoot92.com\/?page_id=100\n<\/div><\/figure>\n","protected":false},"excerpt":{"rendered":"<p>Dans ce nouveau rendez-vous nous allons continuer \u00e0 te transmettre des liens qui te permettront d\u2019en savoir plus et de rejoindre l\u2019article concern\u00e9. EXCELLENTE LECTURE CARNET ROSE ROMAIN GUGGINO Notre ami de l&rsquo;ACBB a le plaisir de vous annoncer la &hellip; <a href=\"https:\/\/site.aefoot92.com\/?p=1196\">Continuer la lecture <span class=\"meta-nav\">&rarr;<\/span><\/a><\/p>\n","protected":false},"author":1,"featured_media":0,"comment_status":"open","ping_status":"open","sticky":false,"template":"","format":"standard","meta":{"footnotes":""},"categories":[1],"tags":[],"class_list":["post-1196","post","type-post","status-publish","format-standard","hentry","category-non-classe"],"_links":{"self":[{"href":"https:\/\/site.aefoot92.com\/index.php?rest_route=\/wp\/v2\/posts\/1196","targetHints":{"allow":["GET"]}}],"collection":[{"href":"https:\/\/site.aefoot92.com\/index.php?rest_route=\/wp\/v2\/posts"}],"about":[{"href":"https:\/\/site.aefoot92.com\/index.php?rest_route=\/wp\/v2\/types\/post"}],"author":[{"embeddable":true,"href":"https:\/\/site.aefoot92.com\/index.php?rest_route=\/wp\/v2\/users\/1"}],"replies":[{"embeddable":true,"href":"https:\/\/site.aefoot92.com\/index.php?rest_route=%2Fwp%2Fv2%2Fcomments&post=1196"}],"version-history":[{"count":3,"href":"https:\/\/site.aefoot92.com\/index.php?rest_route=\/wp\/v2\/posts\/1196\/revisions"}],"predecessor-version":[{"id":1208,"href":"https:\/\/site.aefoot92.com\/index.php?rest_route=\/wp\/v2\/posts\/1196\/revisions\/1208"}],"wp:attachment":[{"href":"https:\/\/site.aefoot92.com\/index.php?rest_route=%2Fwp%2Fv2%2Fmedia&parent=1196"}],"wp:term":[{"taxonomy":"category","embeddable":true,"href":"https:\/\/site.aefoot92.com\/index.php?rest_route=%2Fwp%2Fv2%2Fcategories&post=1196"},{"taxonomy":"post_tag","embeddable":true,"href":"https:\/\/site.aefoot92.com\/index.php?rest_route=%2Fwp%2Fv2%2Ftags&post=1196"}],"curies":[{"name":"wp","href":"https:\/\/api.w.org\/{rel}","templated":true}]}}