{"id":1233,"date":"2021-03-18T09:57:21","date_gmt":"2021-03-18T08:57:21","guid":{"rendered":"https:\/\/site.aefoot92.com\/?p=1233"},"modified":"2021-04-06T11:57:51","modified_gmt":"2021-04-06T09:57:51","slug":"rencontre-avec-un-educateur-en-visio-zoom-lundi-29-mars-19h30","status":"publish","type":"post","link":"https:\/\/site.aefoot92.com\/?p=1233","title":{"rendered":"RENCONTRE AVEC UN EDUCATEUR Thomas Berlette"},"content":{"rendered":"\n<figure class=\"wp-block-image size-large\"><img loading=\"lazy\" decoding=\"async\" width=\"1024\" height=\"633\" src=\"https:\/\/site.aefoot92.com\/wp-content\/uploads\/2021\/03\/rencontre-thomas-berlette-1024x633.png\" alt=\"\" class=\"wp-image-1234\" srcset=\"https:\/\/site.aefoot92.com\/wp-content\/uploads\/2021\/03\/rencontre-thomas-berlette-1024x633.png 1024w, https:\/\/site.aefoot92.com\/wp-content\/uploads\/2021\/03\/rencontre-thomas-berlette-300x186.png 300w, https:\/\/site.aefoot92.com\/wp-content\/uploads\/2021\/03\/rencontre-thomas-berlette-768x475.png 768w, https:\/\/site.aefoot92.com\/wp-content\/uploads\/2021\/03\/rencontre-thomas-berlette-1536x950.png 1536w, https:\/\/site.aefoot92.com\/wp-content\/uploads\/2021\/03\/rencontre-thomas-berlette-485x300.png 485w, https:\/\/site.aefoot92.com\/wp-content\/uploads\/2021\/03\/rencontre-thomas-berlette.png 1630w\" sizes=\"auto, (max-width: 1024px) 100vw, 1024px\" \/><\/figure>\n\n\n\n<p>L&rsquo;AMICALE DES EDUCATEURS DE FOOTBALL DES HAUTS DE SEINE EST FIERE DE CETTE TRES BELLE EXPERIENCE VECUE AVEC THOMAS BERLETTE<\/p>\n\n\n\n<p>MERCI A TOUS CEUX QUI NOUS ONT REJOINT, NOUS AVONS EU 102 INVITATIONS DEMANDEES, IL Y A EU 75 PERSONNES QUI SE SONT CONNECTEES AU COURS DES 2H30 DE VISIO CONFERENCE. <\/p>\n\n\n\n<figure class=\"wp-block-image size-large\"><img loading=\"lazy\" decoding=\"async\" width=\"890\" height=\"490\" src=\"https:\/\/site.aefoot92.com\/wp-content\/uploads\/2021\/03\/Capture-decran-2021-03-30-a-19.26.27.png\" alt=\"\" class=\"wp-image-1270\" srcset=\"https:\/\/site.aefoot92.com\/wp-content\/uploads\/2021\/03\/Capture-decran-2021-03-30-a-19.26.27.png 890w, https:\/\/site.aefoot92.com\/wp-content\/uploads\/2021\/03\/Capture-decran-2021-03-30-a-19.26.27-300x165.png 300w, https:\/\/site.aefoot92.com\/wp-content\/uploads\/2021\/03\/Capture-decran-2021-03-30-a-19.26.27-768x423.png 768w, https:\/\/site.aefoot92.com\/wp-content\/uploads\/2021\/03\/Capture-decran-2021-03-30-a-19.26.27-500x275.png 500w\" sizes=\"auto, (max-width: 890px) 100vw, 890px\" \/><\/figure>\n\n\n\n<p>Thomas Berlette s&rsquo;est d&rsquo;abord pr\u00e9sent\u00e9, et insist\u00e9 sur son \u00e9quilibre personnel avec son m\u00e9tier d&rsquo;\u00e9ducateur sp\u00e9cialis\u00e9, et sa formation dans le football son cursus de Vitry en joueur U16 aux diff\u00e9rentes exp\u00e9riences acquises au fil des ann\u00e9es jusqu&rsquo;\u00e0 son arriv\u00e9e il y a 6 ans \u00e0 MONTROUGE FC 92.<\/p>\n\n\n\n<p>En charge de l&rsquo;\u00e9quipe des U17 Nationaux la saison suivante, il a tout au long de la soir\u00e9e  expliqu\u00e9 son mode de fonctionnement, ses r\u00e9flexions, sa philosophie d eJeu qui s&rsquo;est construite au fur et \u00e0 mesure et qui reste en lui quelque soit ses effectifs. Pour cela il construit son staff et choisit ses joueurs pour les rendre plus intelligent au fil des entra\u00eenements. Ceux-ci sont toujours inspir\u00e9s de phases de jeu extraites du match. La vid\u00e9o est omnipr\u00e9sente dans son travail, un logiciel professionnel lui permet de s\u00e9quencer tout ce qui peut \u00eatre fait dans le football, un peu comme \u00e0 la TV aime-t-il \u00e0 le pr\u00e9ciser.<\/p>\n\n\n\n<figure class=\"wp-block-image size-large\"><img loading=\"lazy\" decoding=\"async\" width=\"1024\" height=\"377\" src=\"https:\/\/site.aefoot92.com\/wp-content\/uploads\/2021\/03\/Capture-decran-2021-03-30-a-20.19.11-1024x377.png\" alt=\"\" class=\"wp-image-1271\" srcset=\"https:\/\/site.aefoot92.com\/wp-content\/uploads\/2021\/03\/Capture-decran-2021-03-30-a-20.19.11-1024x377.png 1024w, https:\/\/site.aefoot92.com\/wp-content\/uploads\/2021\/03\/Capture-decran-2021-03-30-a-20.19.11-300x110.png 300w, https:\/\/site.aefoot92.com\/wp-content\/uploads\/2021\/03\/Capture-decran-2021-03-30-a-20.19.11-768x283.png 768w, https:\/\/site.aefoot92.com\/wp-content\/uploads\/2021\/03\/Capture-decran-2021-03-30-a-20.19.11-1536x565.png 1536w, https:\/\/site.aefoot92.com\/wp-content\/uploads\/2021\/03\/Capture-decran-2021-03-30-a-20.19.11-2048x754.png 2048w, https:\/\/site.aefoot92.com\/wp-content\/uploads\/2021\/03\/Capture-decran-2021-03-30-a-20.19.11-500x184.png 500w\" sizes=\"auto, (max-width: 1024px) 100vw, 1024px\" \/><figcaption>Match au camp des Loges contre le PARIS SG U17 <\/figcaption><\/figure>\n\n\n\n<p>Projet de jeu, R\u00e8gles de vie, Climat d&rsquo;apprentissage sont les items omnipr\u00e9sents dans son travail, le football reste un jeu et je veux que mes petits prennent du plaisir aime t-il aussi \u00e0 pr\u00e9ciser.<\/p>\n\n\n\n<p>L&rsquo;\u00e9pop\u00e9e des 2002, lors des play off U17 et une 1\/2 finale face au FC NANTES futur vainqueur de l&rsquo;\u00e9preuve, et la d\u00e9claration de leur coach:-\u00ab\u00a0Montrouge est certainement l&rsquo;\u00e9quipe qui a l&rsquo;un des plus beaux jeu des U17, et ils n&rsquo;ont rien \u00e0 envier aux centres de Formation, Bravo \u00e0 eux et \u00e0 leur \u00e9ducateur.\u00a0\u00bb<\/p>\n\n\n\n<figure class=\"wp-block-embed is-type-video is-provider-youtube wp-block-embed-youtube wp-embed-aspect-16-9 wp-has-aspect-ratio\"><div class=\"wp-block-embed__wrapper\">\n<iframe loading=\"lazy\" title=\"&quot;En route pour les demi-finales&quot; - 1\/4 de Finale FC Lyon vs Montrouge FC\" width=\"584\" height=\"329\" src=\"https:\/\/www.youtube.com\/embed\/7jIJVy6mdAU?feature=oembed\" frameborder=\"0\" allow=\"accelerometer; autoplay; clipboard-write; encrypted-media; gyroscope; picture-in-picture; web-share\" referrerpolicy=\"strict-origin-when-cross-origin\" allowfullscreen><\/iframe>\n<\/div><\/figure>\n\n\n\n<p>Des questions ont \u00e9t\u00e9 pos\u00e9s \u00e0 celui qui a un langage de franchise et de sinc\u00e9rit\u00e9, il faut rester soi m\u00eame c&rsquo;est essentiel.<\/p>\n\n\n\n<p>MERCI \u00e0 Thomas BERLETTE pour son parcours et pour cette soir\u00e9e qui a \u00e9t\u00e9 fantastique de sinc\u00e9rit\u00e9 et d&rsquo;espoir.  RETROUVEZ LA VIDEO DE NOTRE VISIO AEF92 APR LE LIEN CI DESSOUS  <\/p>\n\n\n\n<figure class=\"wp-block-embed is-type-video is-provider-youtube wp-block-embed-youtube wp-embed-aspect-16-9 wp-has-aspect-ratio\"><div class=\"wp-block-embed__wrapper\">\n<iframe loading=\"lazy\" title=\"RENCONTRE AVEC THOMAS BERLETTE   SD 480\u00a0p\" width=\"584\" height=\"329\" src=\"https:\/\/www.youtube.com\/embed\/VqZ3Lb4U3-w?feature=oembed\" frameborder=\"0\" allow=\"accelerometer; autoplay; clipboard-write; encrypted-media; gyroscope; picture-in-picture; web-share\" referrerpolicy=\"strict-origin-when-cross-origin\" allowfullscreen><\/iframe>\n<\/div><\/figure>\n\n\n\n<p>Merci \u00e0 tous pour votre participation et pour tous les messages de remerciements que nous avons re\u00e7u. <\/p>\n\n\n\n<p>MERCI \u00e0 Melanie, Roshan et Charles pour leur investissement et la r\u00e9ussite de notre soir\u00e9e AEF92.<\/p>\n\n\n\n<p>Christian PORNIN Pr\u00e9sident AEF 92  <\/p>\n","protected":false},"excerpt":{"rendered":"<p>L&rsquo;AMICALE DES EDUCATEURS DE FOOTBALL DES HAUTS DE SEINE EST FIERE DE CETTE TRES BELLE EXPERIENCE VECUE AVEC THOMAS BERLETTE MERCI A TOUS CEUX QUI NOUS ONT REJOINT, NOUS AVONS EU 102 INVITATIONS DEMANDEES, IL Y A EU 75 PERSONNES &hellip; <a href=\"https:\/\/site.aefoot92.com\/?p=1233\">Continuer la lecture <span class=\"meta-nav\">&rarr;<\/span><\/a><\/p>\n","protected":false},"author":1,"featured_media":0,"comment_status":"open","ping_status":"open","sticky":false,"template":"","format":"standard","meta":{"footnotes":""},"categories":[1],"tags":[],"class_list":["post-1233","post","type-post","status-publish","format-standard","hentry","category-non-classe"],"_links":{"self":[{"href":"https:\/\/site.aefoot92.com\/index.php?rest_route=\/wp\/v2\/posts\/1233","targetHints":{"allow":["GET"]}}],"collection":[{"href":"https:\/\/site.aefoot92.com\/index.php?rest_route=\/wp\/v2\/posts"}],"about":[{"href":"https:\/\/site.aefoot92.com\/index.php?rest_route=\/wp\/v2\/types\/post"}],"author":[{"embeddable":true,"href":"https:\/\/site.aefoot92.com\/index.php?rest_route=\/wp\/v2\/users\/1"}],"replies":[{"embeddable":true,"href":"https:\/\/site.aefoot92.com\/index.php?rest_route=%2Fwp%2Fv2%2Fcomments&post=1233"}],"version-history":[{"count":5,"href":"https:\/\/site.aefoot92.com\/index.php?rest_route=\/wp\/v2\/posts\/1233\/revisions"}],"predecessor-version":[{"id":1294,"href":"https:\/\/site.aefoot92.com\/index.php?rest_route=\/wp\/v2\/posts\/1233\/revisions\/1294"}],"wp:attachment":[{"href":"https:\/\/site.aefoot92.com\/index.php?rest_route=%2Fwp%2Fv2%2Fmedia&parent=1233"}],"wp:term":[{"taxonomy":"category","embeddable":true,"href":"https:\/\/site.aefoot92.com\/index.php?rest_route=%2Fwp%2Fv2%2Fcategories&post=1233"},{"taxonomy":"post_tag","embeddable":true,"href":"https:\/\/site.aefoot92.com\/index.php?rest_route=%2Fwp%2Fv2%2Ftags&post=1233"}],"curies":[{"name":"wp","href":"https:\/\/api.w.org\/{rel}","templated":true}]}}