{"id":1649,"date":"2021-11-22T12:40:52","date_gmt":"2021-11-22T11:40:52","guid":{"rendered":"https:\/\/site.aefoot92.com\/?p=1649"},"modified":"2021-11-22T12:42:45","modified_gmt":"2021-11-22T11:42:45","slug":"journee-de-rentree-du-football-feminin","status":"publish","type":"post","link":"https:\/\/site.aefoot92.com\/?p=1649","title":{"rendered":"JOURNEE DE RENTREE DU FOOTBALL FEMININ"},"content":{"rendered":"\n<p>MAGNIFIQUE, apr\u00e8s un report, ce Dimanche 21 Novembre restera une date importante dans les t\u00eates de toutes ces jeunes filles.<\/p>\n\n\n\n<p>Je voudrai remercier le<strong> District 92<\/strong> d&rsquo;avoir donn\u00e9 les moyens a cet evenement d&rsquo;exister, f\u00e9liciter notre CTD DAP <strong>Charles Morisseau<\/strong> pour son organisation, le club du <strong>CSM CLAMART<\/strong> et la Mairie, enfin la commission de f\u00e9minisation qui a fait un gros boulot et que le succes recompense. A vous toutes et tous educatrices et educateurs bravo pour votre disponibilit\u00e9, votre engagement et votre travail ce matin avec ces jeuens filles. Je ne peux que vous encourager a rejoindre notre <strong>Amicale des Educateurs du 92<\/strong> des lors que vous avez participe \u00e0 au moins un module de formation. Retrouvez l&rsquo;inscription rapide pour 18 euros annuel sur notre site internet enti\u00e8rement fait pour vous.<br>Ci dessous la video du klapping de ce matin merci et bravo a vous les educateurs<br>Christian Pornin<br>President AEF92<\/p>\n\n\n\n<figure class=\"wp-block-embed is-type-wp-embed is-provider-association-des-educateurs-aef-92 wp-block-embed-association-des-educateurs-aef-92\"><div class=\"wp-block-embed__wrapper\">\n<blockquote class=\"wp-embedded-content\" data-secret=\"hRK6xr7bsx\"><a href=\"https:\/\/site.aefoot92.com\/?p=1527\">ADHESION 2021-2022<\/a><\/blockquote><iframe loading=\"lazy\" class=\"wp-embedded-content\" sandbox=\"allow-scripts\" security=\"restricted\" style=\"position: absolute; clip: rect(1px, 1px, 1px, 1px);\" title=\"\u00ab\u00a0ADHESION 2021-2022\u00a0\u00bb &#8212; ASSOCIATION DES EDUCATEURS AEF92\" src=\"https:\/\/site.aefoot92.com\/?p=1527&#038;embed=true#?secret=86r7a2N1eX#?secret=hRK6xr7bsx\" data-secret=\"hRK6xr7bsx\" width=\"584\" height=\"329\" frameborder=\"0\" marginwidth=\"0\" marginheight=\"0\" scrolling=\"no\"><\/iframe>\n<\/div><figcaption>Apr\u00e8s les paroles du Pr\u00e9sident du district 92 Fran\u00e7ois CHARRASSE, l&rsquo;animation de Dh\u00e9lia DJEBBAR ci dessous:<\/figcaption><\/figure>\n\n\n\n<figure class=\"wp-block-video\"><video height=\"352\" style=\"aspect-ratio: 640 \/ 352;\" width=\"640\" controls src=\"https:\/\/site.aefoot92.com\/wp-content\/uploads\/2021\/11\/WhatsApp-Video-2021-11-21-at-13.52.29.mp4\"><\/video><\/figure>\n","protected":false},"excerpt":{"rendered":"<p>MAGNIFIQUE, apr\u00e8s un report, ce Dimanche 21 Novembre restera une date importante dans les t\u00eates de toutes ces jeunes filles. Je voudrai remercier le District 92 d&rsquo;avoir donn\u00e9 les moyens a cet evenement d&rsquo;exister, f\u00e9liciter notre CTD DAP Charles Morisseau &hellip; <a href=\"https:\/\/site.aefoot92.com\/?p=1649\">Continuer la lecture <span class=\"meta-nav\">&rarr;<\/span><\/a><\/p>\n","protected":false},"author":1,"featured_media":0,"comment_status":"open","ping_status":"open","sticky":false,"template":"","format":"standard","meta":{"footnotes":""},"categories":[1],"tags":[],"class_list":["post-1649","post","type-post","status-publish","format-standard","hentry","category-non-classe"],"_links":{"self":[{"href":"https:\/\/site.aefoot92.com\/index.php?rest_route=\/wp\/v2\/posts\/1649","targetHints":{"allow":["GET"]}}],"collection":[{"href":"https:\/\/site.aefoot92.com\/index.php?rest_route=\/wp\/v2\/posts"}],"about":[{"href":"https:\/\/site.aefoot92.com\/index.php?rest_route=\/wp\/v2\/types\/post"}],"author":[{"embeddable":true,"href":"https:\/\/site.aefoot92.com\/index.php?rest_route=\/wp\/v2\/users\/1"}],"replies":[{"embeddable":true,"href":"https:\/\/site.aefoot92.com\/index.php?rest_route=%2Fwp%2Fv2%2Fcomments&post=1649"}],"version-history":[{"count":3,"href":"https:\/\/site.aefoot92.com\/index.php?rest_route=\/wp\/v2\/posts\/1649\/revisions"}],"predecessor-version":[{"id":1653,"href":"https:\/\/site.aefoot92.com\/index.php?rest_route=\/wp\/v2\/posts\/1649\/revisions\/1653"}],"wp:attachment":[{"href":"https:\/\/site.aefoot92.com\/index.php?rest_route=%2Fwp%2Fv2%2Fmedia&parent=1649"}],"wp:term":[{"taxonomy":"category","embeddable":true,"href":"https:\/\/site.aefoot92.com\/index.php?rest_route=%2Fwp%2Fv2%2Fcategories&post=1649"},{"taxonomy":"post_tag","embeddable":true,"href":"https:\/\/site.aefoot92.com\/index.php?rest_route=%2Fwp%2Fv2%2Ftags&post=1649"}],"curies":[{"name":"wp","href":"https:\/\/api.w.org\/{rel}","templated":true}]}}