{"id":1683,"date":"2022-01-24T10:46:54","date_gmt":"2022-01-24T09:46:54","guid":{"rendered":"https:\/\/site.aefoot92.com\/?p=1683"},"modified":"2022-01-24T10:56:26","modified_gmt":"2022-01-24T09:56:26","slug":"revivez-des-podcast-matthias-maurer-emmen-aux-pays-bas","status":"publish","type":"post","link":"https:\/\/site.aefoot92.com\/?p=1683","title":{"rendered":"REVIVEZ DES PODCAST MATTHIAS MAURER (EMMEN)   AUX PAYS BAS"},"content":{"rendered":"\n<p><strong>Prolongation <\/strong>est un podcast d\u2019entretien o\u00f9 le journaliste <strong>Johann Crochet <\/strong>rencontre des acteurs du football pour d\u00e9crypter leur m\u00e9tier et d\u00e9couvrir ce qui les fait avancer au quotidien. Lors de ces interviews, ils discutent de leur m\u00e9tier pour mieux le d\u00e9coder. L\u2019id\u00e9e est de donner des cl\u00e9s pour mieux comprendre le football avec ceux qui le font.&nbsp;<\/p>\n\n\n\n<p>Aujourd\u2019hui, je re\u00e7ois <strong><em>Matthias Maurer, \u00e9ducateur au sein du club n\u00e9erlandais d\u2019Emmen, ayant rejoint l&rsquo;\u00e9quipe premi\u00e8re cet \u00e9t\u00e9 comme adjoint et analyste vid\u00e9o.<\/em><\/strong><\/p>\n\n\n\n<p>Avec lui, nous avons abord\u00e9 son parcours, son arriv\u00e9e aux Pays-Bas, l\u2019importance de ses voyages et des discussions avec des \u00e9ducateurs du monde entier ainsi que les sp\u00e9cificit\u00e9s du football n\u00e9erlandais.<\/p>\n\n\n\n<p>Nous avons \u00e9galement \u00e9voqu\u00e9 quelques points de comparaison entre la France et les Pays-Bas autour de la formation des jeunes footballeurs.&nbsp;<\/p>\n\n\n\n<p><a href=\"https:\/\/getpodcast.com\/podcast\/prolongation-entretiens-avec-les-acteurs-du-foot\/matthias-maurer-emmen-son-parcours-aux-pays-bas-limportance-de-lechang_b539548153\">https:\/\/getpodcast.com\/podcast\/prolongation-entretiens-avec-les-acteurs-du-foot\/matthias-maurer-emmen-son-parcours-aux-pays-bas-limportance-de-lechang_b539548153<\/a><\/p>\n","protected":false},"excerpt":{"rendered":"<p>Prolongation est un podcast d\u2019entretien o\u00f9 le journaliste Johann Crochet rencontre des acteurs du football pour d\u00e9crypter leur m\u00e9tier et d\u00e9couvrir ce qui les fait avancer au quotidien. Lors de ces interviews, ils discutent de leur m\u00e9tier pour mieux le &hellip; <a href=\"https:\/\/site.aefoot92.com\/?p=1683\">Continuer la lecture <span class=\"meta-nav\">&rarr;<\/span><\/a><\/p>\n","protected":false},"author":1,"featured_media":0,"comment_status":"open","ping_status":"open","sticky":false,"template":"","format":"standard","meta":{"footnotes":""},"categories":[1],"tags":[],"class_list":["post-1683","post","type-post","status-publish","format-standard","hentry","category-non-classe"],"_links":{"self":[{"href":"https:\/\/site.aefoot92.com\/index.php?rest_route=\/wp\/v2\/posts\/1683","targetHints":{"allow":["GET"]}}],"collection":[{"href":"https:\/\/site.aefoot92.com\/index.php?rest_route=\/wp\/v2\/posts"}],"about":[{"href":"https:\/\/site.aefoot92.com\/index.php?rest_route=\/wp\/v2\/types\/post"}],"author":[{"embeddable":true,"href":"https:\/\/site.aefoot92.com\/index.php?rest_route=\/wp\/v2\/users\/1"}],"replies":[{"embeddable":true,"href":"https:\/\/site.aefoot92.com\/index.php?rest_route=%2Fwp%2Fv2%2Fcomments&post=1683"}],"version-history":[{"count":3,"href":"https:\/\/site.aefoot92.com\/index.php?rest_route=\/wp\/v2\/posts\/1683\/revisions"}],"predecessor-version":[{"id":1686,"href":"https:\/\/site.aefoot92.com\/index.php?rest_route=\/wp\/v2\/posts\/1683\/revisions\/1686"}],"wp:attachment":[{"href":"https:\/\/site.aefoot92.com\/index.php?rest_route=%2Fwp%2Fv2%2Fmedia&parent=1683"}],"wp:term":[{"taxonomy":"category","embeddable":true,"href":"https:\/\/site.aefoot92.com\/index.php?rest_route=%2Fwp%2Fv2%2Fcategories&post=1683"},{"taxonomy":"post_tag","embeddable":true,"href":"https:\/\/site.aefoot92.com\/index.php?rest_route=%2Fwp%2Fv2%2Ftags&post=1683"}],"curies":[{"name":"wp","href":"https:\/\/api.w.org\/{rel}","templated":true}]}}