{"id":1882,"date":"2022-10-23T20:54:39","date_gmt":"2022-10-23T18:54:39","guid":{"rendered":"https:\/\/site.aefoot92.com\/?p=1882"},"modified":"2022-10-23T20:58:39","modified_gmt":"2022-10-23T18:58:39","slug":"didier-deschamps-invite-de-la-ligue-de-paris-et-de-ses-educateurs","status":"publish","type":"post","link":"https:\/\/site.aefoot92.com\/?p=1882","title":{"rendered":"DIDIER DESCHAMPS INVITE DE LA LIGUE DE PARIS ET DE SES EDUCATEURS"},"content":{"rendered":"\n<p>Le pr\u00e9sident JAMEL SANDJAK a invit\u00e9 le s\u00e9lectionneur de l&rsquo;\u00e9quipe de France de Football peu de temps avant le d\u00e9but de la Coupe du Monde 2022. Au lendemain de la cons\u00e9cration de Karim BENZEMA pour la conqu\u00eate du Ballon d&rsquo;Or France Football, c&rsquo;est \u00e0 Morfonde au Campus de la LPIFF que des \u00e9ducateurs ont pu se nourrir des paroles de DD, un tr\u00e8s bel hommage au football amateur et plus particuli\u00e8rement aux clubs franciliens tr\u00e8s nombreux clubs formateurs des internationaux actuels. <\/p>\n\n\n\n<p>Retrouvez ici les photos de ce tr\u00e8s bel \u00e9v\u00e8nement, et l&rsquo;article de la LPIFF<\/p>\n\n\n\n<figure class=\"wp-block-embed is-type-wp-embed is-provider-ligue-de-paris-ile-de-france wp-block-embed-ligue-de-paris-ile-de-france\"><div class=\"wp-block-embed__wrapper\">\n<blockquote class=\"wp-embedded-content\" data-secret=\"XoiBoQ3ny6\"><a href=\"https:\/\/paris-idf.fff.fr\/diaporama\/dd-campus-18-10-2022\/\">DD CAMPUS 18.10.2022<\/a><\/blockquote><iframe loading=\"lazy\" class=\"wp-embedded-content\" sandbox=\"allow-scripts\" security=\"restricted\" style=\"position: absolute; clip: rect(1px, 1px, 1px, 1px);\" title=\"\u00ab\u00a0DD CAMPUS 18.10.2022\u00a0\u00bb &#8212; LIGUE DE PARIS ILE-DE-FRANCE\" src=\"https:\/\/paris-idf.fff.fr\/diaporama\/dd-campus-18-10-2022\/embed\/#?secret=RAL4NX3ImB#?secret=XoiBoQ3ny6\" data-secret=\"XoiBoQ3ny6\" width=\"584\" height=\"329\" frameborder=\"0\" marginwidth=\"0\" marginheight=\"0\" scrolling=\"no\"><\/iframe>\n<\/div><figcaption>Un moment partag\u00e9 avec les \u00e9ducateurs de football francilien.<\/figcaption><\/figure>\n\n\n\n<figure class=\"wp-block-image size-large\"><img loading=\"lazy\" decoding=\"async\" width=\"1024\" height=\"768\" src=\"https:\/\/site.aefoot92.com\/wp-content\/uploads\/2022\/10\/IMG_20221018_113910-1024x768.jpg\" alt=\"\" class=\"wp-image-1885\" srcset=\"https:\/\/site.aefoot92.com\/wp-content\/uploads\/2022\/10\/IMG_20221018_113910-1024x768.jpg 1024w, https:\/\/site.aefoot92.com\/wp-content\/uploads\/2022\/10\/IMG_20221018_113910-300x225.jpg 300w, https:\/\/site.aefoot92.com\/wp-content\/uploads\/2022\/10\/IMG_20221018_113910-768x576.jpg 768w, https:\/\/site.aefoot92.com\/wp-content\/uploads\/2022\/10\/IMG_20221018_113910-1536x1152.jpg 1536w, https:\/\/site.aefoot92.com\/wp-content\/uploads\/2022\/10\/IMG_20221018_113910-2048x1536.jpg 2048w, https:\/\/site.aefoot92.com\/wp-content\/uploads\/2022\/10\/IMG_20221018_113910-400x300.jpg 400w\" sizes=\"auto, (max-width: 1024px) 100vw, 1024px\" \/><\/figure>\n\n\n\n<figure class=\"wp-block-image size-large\"><img loading=\"lazy\" decoding=\"async\" width=\"1024\" height=\"768\" src=\"https:\/\/site.aefoot92.com\/wp-content\/uploads\/2022\/10\/IMG_20221018_113944-1024x768.jpg\" alt=\"\" class=\"wp-image-1887\" srcset=\"https:\/\/site.aefoot92.com\/wp-content\/uploads\/2022\/10\/IMG_20221018_113944-1024x768.jpg 1024w, https:\/\/site.aefoot92.com\/wp-content\/uploads\/2022\/10\/IMG_20221018_113944-300x225.jpg 300w, https:\/\/site.aefoot92.com\/wp-content\/uploads\/2022\/10\/IMG_20221018_113944-768x576.jpg 768w, https:\/\/site.aefoot92.com\/wp-content\/uploads\/2022\/10\/IMG_20221018_113944-1536x1152.jpg 1536w, https:\/\/site.aefoot92.com\/wp-content\/uploads\/2022\/10\/IMG_20221018_113944-2048x1536.jpg 2048w, https:\/\/site.aefoot92.com\/wp-content\/uploads\/2022\/10\/IMG_20221018_113944-400x300.jpg 400w\" sizes=\"auto, (max-width: 1024px) 100vw, 1024px\" \/><\/figure>\n","protected":false},"excerpt":{"rendered":"<p>Le pr\u00e9sident JAMEL SANDJAK a invit\u00e9 le s\u00e9lectionneur de l&rsquo;\u00e9quipe de France de Football peu de temps avant le d\u00e9but de la Coupe du Monde 2022. Au lendemain de la cons\u00e9cration de Karim BENZEMA pour la conqu\u00eate du Ballon d&rsquo;Or &hellip; <a href=\"https:\/\/site.aefoot92.com\/?p=1882\">Continuer la lecture <span class=\"meta-nav\">&rarr;<\/span><\/a><\/p>\n","protected":false},"author":1,"featured_media":0,"comment_status":"open","ping_status":"open","sticky":false,"template":"","format":"standard","meta":{"footnotes":""},"categories":[1],"tags":[],"class_list":["post-1882","post","type-post","status-publish","format-standard","hentry","category-non-classe"],"_links":{"self":[{"href":"https:\/\/site.aefoot92.com\/index.php?rest_route=\/wp\/v2\/posts\/1882","targetHints":{"allow":["GET"]}}],"collection":[{"href":"https:\/\/site.aefoot92.com\/index.php?rest_route=\/wp\/v2\/posts"}],"about":[{"href":"https:\/\/site.aefoot92.com\/index.php?rest_route=\/wp\/v2\/types\/post"}],"author":[{"embeddable":true,"href":"https:\/\/site.aefoot92.com\/index.php?rest_route=\/wp\/v2\/users\/1"}],"replies":[{"embeddable":true,"href":"https:\/\/site.aefoot92.com\/index.php?rest_route=%2Fwp%2Fv2%2Fcomments&post=1882"}],"version-history":[{"count":4,"href":"https:\/\/site.aefoot92.com\/index.php?rest_route=\/wp\/v2\/posts\/1882\/revisions"}],"predecessor-version":[{"id":1889,"href":"https:\/\/site.aefoot92.com\/index.php?rest_route=\/wp\/v2\/posts\/1882\/revisions\/1889"}],"wp:attachment":[{"href":"https:\/\/site.aefoot92.com\/index.php?rest_route=%2Fwp%2Fv2%2Fmedia&parent=1882"}],"wp:term":[{"taxonomy":"category","embeddable":true,"href":"https:\/\/site.aefoot92.com\/index.php?rest_route=%2Fwp%2Fv2%2Fcategories&post=1882"},{"taxonomy":"post_tag","embeddable":true,"href":"https:\/\/site.aefoot92.com\/index.php?rest_route=%2Fwp%2Fv2%2Ftags&post=1882"}],"curies":[{"name":"wp","href":"https:\/\/api.w.org\/{rel}","templated":true}]}}