{"id":2151,"date":"2023-11-14T21:21:03","date_gmt":"2023-11-14T20:21:03","guid":{"rendered":"https:\/\/site.aefoot92.com\/?p=2151"},"modified":"2023-11-14T21:28:45","modified_gmt":"2023-11-14T20:28:45","slug":"50-ans-de-formation-a-la-francaise-linf-dans-le-1000","status":"publish","type":"post","link":"https:\/\/site.aefoot92.com\/?p=2151","title":{"rendered":"50 ANS DE FORMATION A LA FRANCAISE  L&rsquo;INF DANS LE 1000"},"content":{"rendered":"\n<p>J&rsquo;ai eu le plaisir , l&rsquo;immense joie de vous repr\u00e9senter lors de cette journ\u00e9e du 14 Novembre 2023, marquant un anniversaire les 50 Ans de la Formation \u00e0 la Fran\u00e7aise.<\/p>\n\n\n\n<p>L&rsquo;organisation a \u00e9t\u00e9 exceptionnelle, les invit\u00e9s ont \u00e9t\u00e9 les anciens pensionnaires de Vichy et Clairefontaine se retrouvant par promotion et se rappelant les mille et un souvenirs du v\u00e9cu pendant ces ann\u00e9es de jeunes adolescents, mais aussi les formateurs Christian DAMIANO et Francisco FILHO, Jean Claude LAFARGUE et Philippe BRETAUD, les actuels avec Christian BASSILLA leurs directeur, leurs avec un \u00ab\u00a0s\u00a0\u00bb puisque l&rsquo;INF se conjugue au masculin comme au f\u00e9minin. Deux tables rondes ont eu lieu vous les retrouverez prochainement sur le site de la FFF avec Ars\u00e8ne WENGER, Thierry HENRY, Didier DESCHAMPS&#8230;. Thierry HENRY avec beaucoup d&rsquo;humilit\u00e9, avec des mots bien choisis montrant son coeur parl\u00e9, a tenu \u00e0 rendre un immense hommage aux clubs amateurs, et aux \u00e9ducateurs qui sont le premier maillon d&rsquo;une cha\u00eene de formation, sans eux je ne serai sans doute pas l\u00e0 aujourd&rsquo;hui. Des tournois, des visites ont ponctu\u00e9 l&rsquo;apr\u00e8s midi apr\u00e8s une grande photo de tous en tribune PIBAROT avant de suivre l&rsquo;entra\u00eenement de l&rsquo;\u00e9quipe de France A. Merci \u00e0 \u00e0 la FFF et la DTN pour ce bel anniversaire.<\/p>\n\n\n\n<p><a href=\"https:\/\/www.fff.fr\/article\/11370-arsene-wenger-en-france-tout-le-monde-a-acces-au-football-.html\">https:\/\/www.fff.fr\/article\/11370-arsene-wenger-en-france-tout-le-monde-a-acces-au-football-.html<\/a><\/p>\n\n\n\n<figure class=\"wp-block-image size-large\"><img loading=\"lazy\" decoding=\"async\" width=\"1024\" height=\"768\" src=\"https:\/\/site.aefoot92.com\/wp-content\/uploads\/2023\/11\/50-ANS-FORMATION-INF-1024x768.jpg\" alt=\"\" class=\"wp-image-2154\" srcset=\"https:\/\/site.aefoot92.com\/wp-content\/uploads\/2023\/11\/50-ANS-FORMATION-INF-1024x768.jpg 1024w, https:\/\/site.aefoot92.com\/wp-content\/uploads\/2023\/11\/50-ANS-FORMATION-INF-300x225.jpg 300w, https:\/\/site.aefoot92.com\/wp-content\/uploads\/2023\/11\/50-ANS-FORMATION-INF-768x576.jpg 768w, https:\/\/site.aefoot92.com\/wp-content\/uploads\/2023\/11\/50-ANS-FORMATION-INF-1536x1152.jpg 1536w, https:\/\/site.aefoot92.com\/wp-content\/uploads\/2023\/11\/50-ANS-FORMATION-INF-2048x1536.jpg 2048w, https:\/\/site.aefoot92.com\/wp-content\/uploads\/2023\/11\/50-ANS-FORMATION-INF-400x300.jpg 400w\" sizes=\"auto, (max-width: 1024px) 100vw, 1024px\" \/><\/figure>\n","protected":false},"excerpt":{"rendered":"<p>J&rsquo;ai eu le plaisir , l&rsquo;immense joie de vous repr\u00e9senter lors de cette journ\u00e9e du 14 Novembre 2023, marquant un anniversaire les 50 Ans de la Formation \u00e0 la Fran\u00e7aise. L&rsquo;organisation a \u00e9t\u00e9 exceptionnelle, les invit\u00e9s ont \u00e9t\u00e9 les anciens &hellip; <a href=\"https:\/\/site.aefoot92.com\/?p=2151\">Continuer la lecture <span class=\"meta-nav\">&rarr;<\/span><\/a><\/p>\n","protected":false},"author":1,"featured_media":0,"comment_status":"open","ping_status":"open","sticky":false,"template":"","format":"standard","meta":{"footnotes":""},"categories":[1],"tags":[],"class_list":["post-2151","post","type-post","status-publish","format-standard","hentry","category-non-classe"],"_links":{"self":[{"href":"https:\/\/site.aefoot92.com\/index.php?rest_route=\/wp\/v2\/posts\/2151","targetHints":{"allow":["GET"]}}],"collection":[{"href":"https:\/\/site.aefoot92.com\/index.php?rest_route=\/wp\/v2\/posts"}],"about":[{"href":"https:\/\/site.aefoot92.com\/index.php?rest_route=\/wp\/v2\/types\/post"}],"author":[{"embeddable":true,"href":"https:\/\/site.aefoot92.com\/index.php?rest_route=\/wp\/v2\/users\/1"}],"replies":[{"embeddable":true,"href":"https:\/\/site.aefoot92.com\/index.php?rest_route=%2Fwp%2Fv2%2Fcomments&post=2151"}],"version-history":[{"count":2,"href":"https:\/\/site.aefoot92.com\/index.php?rest_route=\/wp\/v2\/posts\/2151\/revisions"}],"predecessor-version":[{"id":2155,"href":"https:\/\/site.aefoot92.com\/index.php?rest_route=\/wp\/v2\/posts\/2151\/revisions\/2155"}],"wp:attachment":[{"href":"https:\/\/site.aefoot92.com\/index.php?rest_route=%2Fwp%2Fv2%2Fmedia&parent=2151"}],"wp:term":[{"taxonomy":"category","embeddable":true,"href":"https:\/\/site.aefoot92.com\/index.php?rest_route=%2Fwp%2Fv2%2Fcategories&post=2151"},{"taxonomy":"post_tag","embeddable":true,"href":"https:\/\/site.aefoot92.com\/index.php?rest_route=%2Fwp%2Fv2%2Ftags&post=2151"}],"curies":[{"name":"wp","href":"https:\/\/api.w.org\/{rel}","templated":true}]}}