{"id":2237,"date":"2024-09-29T12:12:56","date_gmt":"2024-09-29T10:12:56","guid":{"rendered":"https:\/\/site.aefoot92.com\/?p=2237"},"modified":"2024-09-29T12:14:33","modified_gmt":"2024-09-29T10:14:33","slug":"rene-silo-educateur-dirigeant-nous-a-quitte","status":"publish","type":"post","link":"https:\/\/site.aefoot92.com\/?p=2237","title":{"rendered":"RENE SILO, EDUCATEUR, DIRIGEANT NOUS A QUITTE"},"content":{"rendered":"\n<p>Ag\u00e9 de 75 ans, Ren\u00e9 SILO est un nom associ\u00e9 au territoire ultramarin. Ses activit\u00e9s \u00e0 la RATP et dans le football ont \u00e9t\u00e9 marqu\u00e9es par un sens aigu\u00eb d&rsquo;humanisme, il a toujours associ\u00e9 le sport et la soci\u00e9t\u00e9. Son engagement dans les instances a \u00e9t\u00e9 couronn\u00e9 de succ\u00e8s pour d\u00e9velopper les comp\u00e9titions des DOM TOM, mais aussi pour ses participations actives \u00e0 la cr\u00e9ation du District des Hauts-de-Seine, et les implications qu&rsquo;il a eu dans le Tournoi International du 92. Membre de la Commission Technique pendant de longues ann\u00e9es il avait \u00e9t\u00e9 un personnage important de l&rsquo;ES COLOMBIENNE dont il fut Pr\u00e9sident.<\/p>\n\n\n\n<p>A son \u00e9pouse, ses deux filles, sa famille et ses amis, l&rsquo;AEF 92 pr\u00e9sente ses sinc\u00e8res condol\u00e9ances par cette perte immense.<\/p>\n\n\n\n<figure class=\"wp-block-image size-large\"><img loading=\"lazy\" decoding=\"async\" width=\"577\" height=\"1024\" src=\"https:\/\/site.aefoot92.com\/wp-content\/uploads\/2024\/09\/Capture-decran-2024-09-29-a-12.12.08-577x1024.png\" alt=\"\" class=\"wp-image-2238\" srcset=\"https:\/\/site.aefoot92.com\/wp-content\/uploads\/2024\/09\/Capture-decran-2024-09-29-a-12.12.08-577x1024.png 577w, https:\/\/site.aefoot92.com\/wp-content\/uploads\/2024\/09\/Capture-decran-2024-09-29-a-12.12.08-169x300.png 169w, https:\/\/site.aefoot92.com\/wp-content\/uploads\/2024\/09\/Capture-decran-2024-09-29-a-12.12.08-768x1363.png 768w, https:\/\/site.aefoot92.com\/wp-content\/uploads\/2024\/09\/Capture-decran-2024-09-29-a-12.12.08.png 772w\" sizes=\"auto, (max-width: 577px) 100vw, 577px\" \/><\/figure>\n","protected":false},"excerpt":{"rendered":"<p>Ag\u00e9 de 75 ans, Ren\u00e9 SILO est un nom associ\u00e9 au territoire ultramarin. Ses activit\u00e9s \u00e0 la RATP et dans le football ont \u00e9t\u00e9 marqu\u00e9es par un sens aigu\u00eb d&rsquo;humanisme, il a toujours associ\u00e9 le sport et la soci\u00e9t\u00e9. Son &hellip; <a href=\"https:\/\/site.aefoot92.com\/?p=2237\">Continuer la lecture <span class=\"meta-nav\">&rarr;<\/span><\/a><\/p>\n","protected":false},"author":1,"featured_media":0,"comment_status":"open","ping_status":"open","sticky":false,"template":"","format":"standard","meta":{"footnotes":""},"categories":[8],"tags":[],"class_list":["post-2237","post","type-post","status-publish","format-standard","hentry","category-portrait-de-coach"],"_links":{"self":[{"href":"https:\/\/site.aefoot92.com\/index.php?rest_route=\/wp\/v2\/posts\/2237","targetHints":{"allow":["GET"]}}],"collection":[{"href":"https:\/\/site.aefoot92.com\/index.php?rest_route=\/wp\/v2\/posts"}],"about":[{"href":"https:\/\/site.aefoot92.com\/index.php?rest_route=\/wp\/v2\/types\/post"}],"author":[{"embeddable":true,"href":"https:\/\/site.aefoot92.com\/index.php?rest_route=\/wp\/v2\/users\/1"}],"replies":[{"embeddable":true,"href":"https:\/\/site.aefoot92.com\/index.php?rest_route=%2Fwp%2Fv2%2Fcomments&post=2237"}],"version-history":[{"count":3,"href":"https:\/\/site.aefoot92.com\/index.php?rest_route=\/wp\/v2\/posts\/2237\/revisions"}],"predecessor-version":[{"id":2241,"href":"https:\/\/site.aefoot92.com\/index.php?rest_route=\/wp\/v2\/posts\/2237\/revisions\/2241"}],"wp:attachment":[{"href":"https:\/\/site.aefoot92.com\/index.php?rest_route=%2Fwp%2Fv2%2Fmedia&parent=2237"}],"wp:term":[{"taxonomy":"category","embeddable":true,"href":"https:\/\/site.aefoot92.com\/index.php?rest_route=%2Fwp%2Fv2%2Fcategories&post=2237"},{"taxonomy":"post_tag","embeddable":true,"href":"https:\/\/site.aefoot92.com\/index.php?rest_route=%2Fwp%2Fv2%2Ftags&post=2237"}],"curies":[{"name":"wp","href":"https:\/\/api.w.org\/{rel}","templated":true}]}}