{"id":453,"date":"2020-06-23T13:12:03","date_gmt":"2020-06-23T11:12:03","guid":{"rendered":"https:\/\/site.aefoot92.com\/?p=453"},"modified":"2020-06-23T13:13:46","modified_gmt":"2020-06-23T11:13:46","slug":"finale-u13-garcons-et-filles-mise-en-avant-des-coachs-et-de-leur-valorisation","status":"publish","type":"post","link":"https:\/\/site.aefoot92.com\/?p=453","title":{"rendered":"FINALE U13 Gar\u00e7ons et Filles.   MISE EN AVANT DES COACHS ET DE LEUR VALORISATION"},"content":{"rendered":"\n<p>CLAMART A ACCUEILLI AVEC UNE TRES BONNE ORGANISATION LES FINALES DEPARTEMENTALES U13<\/p>\n\n\n\n<figure class=\"wp-block-image size-large\"><img loading=\"lazy\" decoding=\"async\" width=\"1024\" height=\"861\" src=\"https:\/\/site.aefoot92.com\/wp-content\/uploads\/2020\/06\/PETITS-ANGES-MEISSA-NDIAYE-1024x861.jpg\" alt=\"\" class=\"wp-image-454\" srcset=\"https:\/\/site.aefoot92.com\/wp-content\/uploads\/2020\/06\/PETITS-ANGES-MEISSA-NDIAYE-1024x861.jpg 1024w, https:\/\/site.aefoot92.com\/wp-content\/uploads\/2020\/06\/PETITS-ANGES-MEISSA-NDIAYE-300x252.jpg 300w, https:\/\/site.aefoot92.com\/wp-content\/uploads\/2020\/06\/PETITS-ANGES-MEISSA-NDIAYE-768x645.jpg 768w, https:\/\/site.aefoot92.com\/wp-content\/uploads\/2020\/06\/PETITS-ANGES-MEISSA-NDIAYE-357x300.jpg 357w, https:\/\/site.aefoot92.com\/wp-content\/uploads\/2020\/06\/PETITS-ANGES-MEISSA-NDIAYE.jpg 1078w\" sizes=\"auto, (max-width: 1024px) 100vw, 1024px\" \/><\/figure>\n\n\n\n<p>L&rsquo;AEF 92 avait mobilis\u00e9 des \u00e9ducateurs pour r\u00e9aliser une observation du comportement des \u00e9ducatrices et des \u00e9ducateurs pendant cette journ\u00e9e des finales d\u00e9partementales.<\/p>\n\n\n\n<p>La satisfaction a \u00e9t\u00e9 au del\u00e0 de nos esp\u00e9rances, les observations sont positives \u00e0 98%, le seul b\u00e9mol a \u00e9t\u00e9 un leger retard de deux \u00e9quipes lors de la reprise des matchs apr\u00e8 sla pause d\u00e9jeuner, un petit d\u00e9tail, face au coaching des \u00e9ducateurs. Les comportements sur le banc, les conseils \u00e0 la pause le RESPECT entre eux et vis \u00e0 vis des arbitres ont \u00e9t\u00e9 exemplaires.<\/p>\n\n\n\n<figure class=\"wp-block-image size-large\"><img loading=\"lazy\" decoding=\"async\" width=\"1024\" height=\"569\" src=\"https:\/\/site.aefoot92.com\/wp-content\/uploads\/2020\/06\/BILEL-VANVES-1024x569.png\" alt=\"\" class=\"wp-image-455\" srcset=\"https:\/\/site.aefoot92.com\/wp-content\/uploads\/2020\/06\/BILEL-VANVES-1024x569.png 1024w, https:\/\/site.aefoot92.com\/wp-content\/uploads\/2020\/06\/BILEL-VANVES-300x167.png 300w, https:\/\/site.aefoot92.com\/wp-content\/uploads\/2020\/06\/BILEL-VANVES-768x426.png 768w, https:\/\/site.aefoot92.com\/wp-content\/uploads\/2020\/06\/BILEL-VANVES-1536x853.png 1536w, https:\/\/site.aefoot92.com\/wp-content\/uploads\/2020\/06\/BILEL-VANVES-500x278.png 500w, https:\/\/site.aefoot92.com\/wp-content\/uploads\/2020\/06\/BILEL-VANVES.png 1664w\" sizes=\"auto, (max-width: 1024px) 100vw, 1024px\" \/><\/figure>\n\n\n\n<p>BRAVO \u00e0 tous et comme par hasard les attitudes des joueuses et joueurs ont \u00e9t\u00e9 \u00e0 l&rsquo;image des responsables techniques. Le Pr\u00e9sident du District Fran\u00e7ois CHARASSE et de l&rsquo;AEF92 Christian PORNIN ont remerci\u00e9 les observateurs de l&rsquo;AEF de leurs observations et de cet encadrement  tout au long de la journ\u00e9e.<\/p>\n\n\n\n<figure class=\"wp-block-image size-large\"><img loading=\"lazy\" decoding=\"async\" width=\"768\" height=\"1024\" src=\"https:\/\/site.aefoot92.com\/wp-content\/uploads\/2020\/06\/trophee-aef-92-768x1024.jpg\" alt=\"\" class=\"wp-image-456\" srcset=\"https:\/\/site.aefoot92.com\/wp-content\/uploads\/2020\/06\/trophee-aef-92-768x1024.jpg 768w, https:\/\/site.aefoot92.com\/wp-content\/uploads\/2020\/06\/trophee-aef-92-225x300.jpg 225w, https:\/\/site.aefoot92.com\/wp-content\/uploads\/2020\/06\/trophee-aef-92-1152x1536.jpg 1152w, https:\/\/site.aefoot92.com\/wp-content\/uploads\/2020\/06\/trophee-aef-92-1536x2048.jpg 1536w, https:\/\/site.aefoot92.com\/wp-content\/uploads\/2020\/06\/trophee-aef-92-scaled.jpg 1920w\" sizes=\"auto, (max-width: 768px) 100vw, 768px\" \/><figcaption>Tous les \u00e9ducateurs des finalistes se sont vus offert le CARNET DE L&rsquo;AEF 92<\/figcaption><\/figure>\n\n\n\n<p><\/p>\n","protected":false},"excerpt":{"rendered":"<p>CLAMART A ACCUEILLI AVEC UNE TRES BONNE ORGANISATION LES FINALES DEPARTEMENTALES U13 L&rsquo;AEF 92 avait mobilis\u00e9 des \u00e9ducateurs pour r\u00e9aliser une observation du comportement des \u00e9ducatrices et des \u00e9ducateurs pendant cette journ\u00e9e des finales d\u00e9partementales. La satisfaction a \u00e9t\u00e9 au &hellip; <a href=\"https:\/\/site.aefoot92.com\/?p=453\">Continuer la lecture <span class=\"meta-nav\">&rarr;<\/span><\/a><\/p>\n","protected":false},"author":1,"featured_media":0,"comment_status":"open","ping_status":"open","sticky":false,"template":"","format":"standard","meta":{"footnotes":""},"categories":[1],"tags":[],"class_list":["post-453","post","type-post","status-publish","format-standard","hentry","category-non-classe"],"_links":{"self":[{"href":"https:\/\/site.aefoot92.com\/index.php?rest_route=\/wp\/v2\/posts\/453","targetHints":{"allow":["GET"]}}],"collection":[{"href":"https:\/\/site.aefoot92.com\/index.php?rest_route=\/wp\/v2\/posts"}],"about":[{"href":"https:\/\/site.aefoot92.com\/index.php?rest_route=\/wp\/v2\/types\/post"}],"author":[{"embeddable":true,"href":"https:\/\/site.aefoot92.com\/index.php?rest_route=\/wp\/v2\/users\/1"}],"replies":[{"embeddable":true,"href":"https:\/\/site.aefoot92.com\/index.php?rest_route=%2Fwp%2Fv2%2Fcomments&post=453"}],"version-history":[{"count":2,"href":"https:\/\/site.aefoot92.com\/index.php?rest_route=\/wp\/v2\/posts\/453\/revisions"}],"predecessor-version":[{"id":459,"href":"https:\/\/site.aefoot92.com\/index.php?rest_route=\/wp\/v2\/posts\/453\/revisions\/459"}],"wp:attachment":[{"href":"https:\/\/site.aefoot92.com\/index.php?rest_route=%2Fwp%2Fv2%2Fmedia&parent=453"}],"wp:term":[{"taxonomy":"category","embeddable":true,"href":"https:\/\/site.aefoot92.com\/index.php?rest_route=%2Fwp%2Fv2%2Fcategories&post=453"},{"taxonomy":"post_tag","embeddable":true,"href":"https:\/\/site.aefoot92.com\/index.php?rest_route=%2Fwp%2Fv2%2Ftags&post=453"}],"curies":[{"name":"wp","href":"https:\/\/api.w.org\/{rel}","templated":true}]}}