{"id":772,"date":"2020-11-13T12:12:43","date_gmt":"2020-11-13T11:12:43","guid":{"rendered":"https:\/\/site.aefoot92.com\/?p=772"},"modified":"2020-11-13T12:12:43","modified_gmt":"2020-11-13T11:12:43","slug":"hatem-une-bombe-a-retardement","status":"publish","type":"post","link":"https:\/\/site.aefoot92.com\/?p=772","title":{"rendered":"HATEM, UNE BOMBE A RETARDEMENT"},"content":{"rendered":"\n<div class=\"wp-block-image\"><figure class=\"alignright size-large is-resized\"><img loading=\"lazy\" decoding=\"async\" src=\"https:\/\/site.aefoot92.com\/wp-content\/uploads\/2020\/11\/Capture-decran-2020-11-13-a-11.27.14.png\" alt=\"\" class=\"wp-image-773\" width=\"544\" height=\"484\" srcset=\"https:\/\/site.aefoot92.com\/wp-content\/uploads\/2020\/11\/Capture-decran-2020-11-13-a-11.27.14.png 914w, https:\/\/site.aefoot92.com\/wp-content\/uploads\/2020\/11\/Capture-decran-2020-11-13-a-11.27.14-300x267.png 300w, https:\/\/site.aefoot92.com\/wp-content\/uploads\/2020\/11\/Capture-decran-2020-11-13-a-11.27.14-768x682.png 768w, https:\/\/site.aefoot92.com\/wp-content\/uploads\/2020\/11\/Capture-decran-2020-11-13-a-11.27.14-338x300.png 338w\" sizes=\"auto, (max-width: 544px) 100vw, 544px\" \/><figcaption>-\u00ab\u00a0Hatem est de cette esp\u00e8ce qui cr\u00e9e l&rsquo;espoir par son talent\u00a0\u00bb Alain PERRIN son ex coach \u00e0 LYON.<\/figcaption><\/figure><\/div>\n\n\n\n<p><strong>FRANCE FOOTBALL<\/strong> consacre la une de son <strong>num\u00e9ro 3878 du 3 novembre 2020<\/strong> \u00e0 celui qui sur le plan gestuel, on avait rarement vu une telle vitesse d&rsquo;ex\u00e9cution et de changement de direction. Hatem BEN ARFA ce natif de Chatenay Malabry peut \u00eatre d\u00e9test\u00e9 ou port\u00e9 aux nues. Son interview est riche, le personnage est passionnant, le langage est vrai.<\/p>\n\n\n\n<div class=\"wp-block-image\"><figure class=\"alignright size-large is-resized\"><img loading=\"lazy\" decoding=\"async\" src=\"https:\/\/site.aefoot92.com\/wp-content\/uploads\/2020\/11\/Capture-decran-2020-11-13-a-11.30.06-2.png\" alt=\"\" class=\"wp-image-776\" width=\"226\" height=\"332\"\/><figcaption>HATEM UN ENFANT DU 92<\/figcaption><\/figure><\/div>\n\n\n\n<p>Avant de reprendre des parties de cet article, je reviens sur les propos d&rsquo;un de ses potes de l&rsquo;INF Clairefontaine : <em>Garra Demb\u00e9l\u00e9\u00a0:<\/em>\u00a0\u00abIl a pu int\u00e9grer la promotion 1986 alors que c&rsquo;\u00e9tait un 1987. Aux entra\u00eenements, on ne voyait pas la diff\u00e9rence. La seule diff\u00e9rence qu&rsquo;il y avait, c&rsquo;\u00e9tait le gabarit. Mais ce qu&rsquo;il avait dans les pieds \u00e9tait hallucinant. Un souvenir\u00a0? L&rsquo;un des premiers entra\u00eenements\u00a0: on faisait des un contre deux. Un gardien de but, deux d\u00e9fenseurs et un attaquant. Il fallait passer les deux d\u00e9fenseurs et marquer\u00a0: les deux se sont percut\u00e9s et sont rest\u00e9s au sol. Il y en a qui s&rsquo;\u00e9tait m\u00eame ouvert la t\u00eate. Crochet, passement de jambes, feinte de frappe&#8230; Je crois m\u00eame que le gardien \u00e9tait tomb\u00e9&#8230; C&rsquo;est un g\u00e9nie.\u00bb<\/p>\n\n\n\n<p><strong>Les entra\u00eeneurs le pr\u00e9f\u00e8re en chef d&rsquo;orchestre plut\u00f4t qu&rsquo;en soliste. Qu&rsquo;il soit dribbleur solitaire jouant perso ou passeur de g\u00e9nie,le football fran\u00e7ais manque de profils comme le sien.<\/strong><\/p>\n\n\n\n<p>Fred\u00e9ric GUERRA son premier agent dit de lui:-\u00ab\u00a0Le joueur est atypique. Il est fort.Sur certains instants, il peut changer la donne d&rsquo;un match, il l&rsquo;a prouv\u00e9.A lui seul, il peut rapporter bon nombre de points.<\/p>\n\n\n\n<p>A maintenant 33 ans pass\u00e9s, il ne pr\u00e9sente plus la silhouette aiguis\u00e9e du fabuleux espoir volant des ann\u00e9es lyonnaises, mais il lui reste sa bouille de ravissement issue de l&rsquo;enfance, d\u00e8s que le ballon roule dans le bon sens.<\/p>\n\n\n\n<p>C&rsquo;est un gar\u00e7on, un homme tr\u00e8s attachant, Claude PUEL lel coach qui a fait exceller Ben Arfa, r\u00e9sume simplement:- Il aime le football, et ce n&rsquo;est pas un gar\u00e7on tordu. Autocnetr\u00e9 et irritant oui, mais pas arm\u00e9 mentalement pour s&rsquo;imposer chez un top-club europ\u00e9en. <\/p>\n\n\n\n<p>Hatem poss\u00e8de encore un \u00ab\u00a0gros capital sympathie\u00a0\u00bb, il peut faire r\u00eaver, il aime \u00e7a, comme il aime sa libert\u00e9. A Bordeaux il va croiser, Jean Louis GASSET, le coach un peu paternaliste, fin psychologue et admirateur de son talent, il pourra lui donner les cl\u00e9s de la maison bordelaise et \u00eatre le number One du club, Hatem aime cela. Au Paris SG il \u00e9tait un joueur au milieu de stars, ce n&rsquo;est pas l&rsquo;environnement qu&rsquo;il lui faut. Hatem a besoin pour lui de sentir qu&rsquo;on l&rsquo;aime et c&rsquo;ets l\u00e0 qu&rsquo;il est le MEILLEUR. Comme c&rsquo;est un bosseur aussi, il ne peut que r\u00e9ussir.<\/p>\n\n\n\n<figure class=\"wp-block-image size-large\"><img loading=\"lazy\" decoding=\"async\" width=\"1024\" height=\"768\" src=\"https:\/\/site.aefoot92.com\/wp-content\/uploads\/2020\/11\/IMG_20201113_120114-1024x768.jpg\" alt=\"\" class=\"wp-image-777\" srcset=\"https:\/\/site.aefoot92.com\/wp-content\/uploads\/2020\/11\/IMG_20201113_120114-1024x768.jpg 1024w, https:\/\/site.aefoot92.com\/wp-content\/uploads\/2020\/11\/IMG_20201113_120114-300x225.jpg 300w, https:\/\/site.aefoot92.com\/wp-content\/uploads\/2020\/11\/IMG_20201113_120114-768x576.jpg 768w, https:\/\/site.aefoot92.com\/wp-content\/uploads\/2020\/11\/IMG_20201113_120114-1536x1152.jpg 1536w, https:\/\/site.aefoot92.com\/wp-content\/uploads\/2020\/11\/IMG_20201113_120114-2048x1536.jpg 2048w, https:\/\/site.aefoot92.com\/wp-content\/uploads\/2020\/11\/IMG_20201113_120114-400x300.jpg 400w\" sizes=\"auto, (max-width: 1024px) 100vw, 1024px\" \/><\/figure>\n\n\n\n<p>TRAVAIL REGULIER MEME QUAND IL N&rsquo;AVAIT PAS DE CLUB&#8230;&#8230;&#8230;<\/p>\n\n\n\n<figure class=\"wp-block-image size-large\"><img loading=\"lazy\" decoding=\"async\" width=\"780\" height=\"1024\" src=\"https:\/\/site.aefoot92.com\/wp-content\/uploads\/2020\/11\/IMG_20201113_120238-1-780x1024.jpg\" alt=\"\" class=\"wp-image-779\" srcset=\"https:\/\/site.aefoot92.com\/wp-content\/uploads\/2020\/11\/IMG_20201113_120238-1-780x1024.jpg 780w, https:\/\/site.aefoot92.com\/wp-content\/uploads\/2020\/11\/IMG_20201113_120238-1-228x300.jpg 228w, https:\/\/site.aefoot92.com\/wp-content\/uploads\/2020\/11\/IMG_20201113_120238-1-768x1009.jpg 768w, https:\/\/site.aefoot92.com\/wp-content\/uploads\/2020\/11\/IMG_20201113_120238-1-1169x1536.jpg 1169w, https:\/\/site.aefoot92.com\/wp-content\/uploads\/2020\/11\/IMG_20201113_120238-1-1559x2048.jpg 1559w, https:\/\/site.aefoot92.com\/wp-content\/uploads\/2020\/11\/IMG_20201113_120238-1-scaled.jpg 1949w\" sizes=\"auto, (max-width: 780px) 100vw, 780px\" \/><figcaption>VOLTAIRE, MONTROUGE, ACBB sont les clubs du 92 qui ont eu le joueur parmi eux.<\/figcaption><\/figure>\n","protected":false},"excerpt":{"rendered":"<p>FRANCE FOOTBALL consacre la une de son num\u00e9ro 3878 du 3 novembre 2020 \u00e0 celui qui sur le plan gestuel, on avait rarement vu une telle vitesse d&rsquo;ex\u00e9cution et de changement de direction. Hatem BEN ARFA ce natif de Chatenay &hellip; <a href=\"https:\/\/site.aefoot92.com\/?p=772\">Continuer la lecture <span class=\"meta-nav\">&rarr;<\/span><\/a><\/p>\n","protected":false},"author":1,"featured_media":0,"comment_status":"open","ping_status":"open","sticky":false,"template":"","format":"standard","meta":{"footnotes":""},"categories":[1],"tags":[],"class_list":["post-772","post","type-post","status-publish","format-standard","hentry","category-non-classe"],"_links":{"self":[{"href":"https:\/\/site.aefoot92.com\/index.php?rest_route=\/wp\/v2\/posts\/772","targetHints":{"allow":["GET"]}}],"collection":[{"href":"https:\/\/site.aefoot92.com\/index.php?rest_route=\/wp\/v2\/posts"}],"about":[{"href":"https:\/\/site.aefoot92.com\/index.php?rest_route=\/wp\/v2\/types\/post"}],"author":[{"embeddable":true,"href":"https:\/\/site.aefoot92.com\/index.php?rest_route=\/wp\/v2\/users\/1"}],"replies":[{"embeddable":true,"href":"https:\/\/site.aefoot92.com\/index.php?rest_route=%2Fwp%2Fv2%2Fcomments&post=772"}],"version-history":[{"count":1,"href":"https:\/\/site.aefoot92.com\/index.php?rest_route=\/wp\/v2\/posts\/772\/revisions"}],"predecessor-version":[{"id":780,"href":"https:\/\/site.aefoot92.com\/index.php?rest_route=\/wp\/v2\/posts\/772\/revisions\/780"}],"wp:attachment":[{"href":"https:\/\/site.aefoot92.com\/index.php?rest_route=%2Fwp%2Fv2%2Fmedia&parent=772"}],"wp:term":[{"taxonomy":"category","embeddable":true,"href":"https:\/\/site.aefoot92.com\/index.php?rest_route=%2Fwp%2Fv2%2Fcategories&post=772"},{"taxonomy":"post_tag","embeddable":true,"href":"https:\/\/site.aefoot92.com\/index.php?rest_route=%2Fwp%2Fv2%2Ftags&post=772"}],"curies":[{"name":"wp","href":"https:\/\/api.w.org\/{rel}","templated":true}]}}