{"id":787,"date":"2020-11-13T15:18:01","date_gmt":"2020-11-13T14:18:01","guid":{"rendered":"https:\/\/site.aefoot92.com\/?p=787"},"modified":"2020-11-13T15:18:01","modified_gmt":"2020-11-13T14:18:01","slug":"laventure-nantaise-de-monsieur-denoueix","status":"publish","type":"post","link":"https:\/\/site.aefoot92.com\/?p=787","title":{"rendered":"L&rsquo;AVENTURE NANTAISE DE Monsieur DENOUEIX"},"content":{"rendered":"\n<p><strong><span style=\"color:#2d18ed\" class=\"has-inline-color\">La maison jaune, est un paradis du Foot, Jos\u00e9 Arribas, Jean Vincent, Coco Suaudeau, Raynald DENOUEIX, Christian GOURCUFF, alors retrouvons Monsieur Denoueix ci dessous:<\/span><\/strong><\/p>\n\n\n\n<figure class=\"wp-block-image size-large is-resized\"><img loading=\"lazy\" decoding=\"async\" src=\"https:\/\/site.aefoot92.com\/wp-content\/uploads\/2020\/11\/DENOUEIX.jpg\" alt=\"\" class=\"wp-image-788\" width=\"640\" height=\"361\"\/><figcaption>FORMATEUR et ENTRAINEUR LE COACH EST UN LEADER A L&rsquo;ECOUTE;<\/figcaption><\/figure>\n\n\n\n<p><em><strong>Te souviens-tu de tes d\u00e9buts au club en 1966\u202f?<\/strong><\/em><\/p>\n\n\n\n<p>Tr\u00e8s bien. Je jouais dans un petit club&nbsp;de la r\u00e9gion parisienne&nbsp;(CS&nbsp;Arpajon)&nbsp;et c\u2019est&nbsp;un&nbsp;dirigeant qui a pris l\u2019initiative du contact.&nbsp;Il \u00e9tait&nbsp;persuad\u00e9&nbsp;qu\u2019apr\u00e8s Reims, c\u2019est Nantes qui&nbsp;deviendrait&nbsp;le club phare du football fran\u00e7ais.&nbsp;J\u2019ai&nbsp;particip\u00e9&nbsp;\u00e0 deux stages d\u2019une semaine et&nbsp;\u00e0 ma grande surprise&nbsp;j\u2019ai \u00e9t\u00e9 retenu.&nbsp;C\u2019\u00e9tait juste apr\u00e8s les deux titres de champion de France, et les d\u00e9buts pour moi ont \u00e9t\u00e9 tr\u00e8s difficiles. J\u2019\u00e9tais en terminale au Lyc\u00e9e Cl\u00e9menceau et il me fallait concilier \u00e9tudes et entra\u00eenements en soir\u00e9e au stade de la Mellinet. En match en junior, j\u2019ai \u00e9t\u00e9 minable toute la saison. &nbsp;Je m\u2019attendais \u00e0 me faire virer \u00e0 l\u2019issue de la premi\u00e8re ann\u00e9e.&nbsp;J\u2019ai \u00e9t\u00e9 re\u00e7u par le pr\u00e9sident&nbsp;Clerfeuille&nbsp;qui m\u2019a dit \u00ab&nbsp;si vous voulez rester, on vous garde\u2026 mais vous n\u2019aurez rien&nbsp;\u00bb. La seconde ann\u00e9e, j\u2019ai progress\u00e9, dans la troisi\u00e8me \u00e9quipe puis avec la r\u00e9serve.<\/p>\n\n\n\n<p><em><strong>Quelles \u00e9taient tes relations avec Jos\u00e9 Arribas \u00e0 l&rsquo;\u00e9poque\u202f?<\/strong><\/em><\/p>\n\n\n\n<p>Au d\u00e9but, c\u2019\u00e9tait une relation de petit joueur vis-\u00e0-vis d\u2019un entra\u00eeneur. Pas trop de contact mais c\u2019\u00e9tait normal \u00e0 l\u2019\u00e9poque. Il faut se souvenir que Jos\u00e9 Arribas \u00e9tait seul pour g\u00e9rer le groupe pro, second\u00e9 \u00e0 certains moments seulement par Guelso Zaetta en charge du secteur amateur. Au quotidien c\u2019\u00e9tait quelqu\u2019un de tr\u00e8s agr\u00e9able dans la relation. Pour moi, l\u2019int\u00e9gration au club a \u00e9t\u00e9 facile car j\u2019ai tr\u00e8s vite adh\u00e9r\u00e9 aux principes de jeu. C\u2019\u00e9tait comme cela que je sentais le foot.<\/p>\n\n\n\n<p><em><strong>Comment pourrais-tu d\u00e9crire sa mani\u00e8re de travailler&nbsp;?<\/strong><\/em><\/p>\n\n\n\n<p>C\u2019\u00e9tait un entra\u00eeneur tr\u00e8s intuitif dans le jeu et dans la pr\u00e9paration physique. Il testait beaucoup de choses. Les exercices d\u2019\u00e9chauffement \u00e9taient toujours li\u00e9s \u00e0 un principe de jeu. Il appelait cela \u00ab\u00a0faire ses gammes\u00a0\u00bb. Dans la tribune en bois du stade de Proc\u00e9, il avait invent\u00e9 une s\u00e9quence o\u00f9 l\u2019on montait et descendait les petites et grandes marches sur un pied ou deux pieds. Beaucoup de joueurs s\u2019en souviennent encore. C\u2019\u00e9tait de la pliom\u00e9trie avant l\u2019heure. Dans le parc de Proc\u00e9 on travaillait dur physiquement&nbsp;: volume vitesse intensit\u00e9, renforcement musculaire dans les pentes, c\u2019\u00e9tait tr\u00e8s complet. En liaison avec M. Boudard, on pratiquait d\u2019autres sport Co, bases de gym, approche des \u00e9tirements. Comment il avait imagin\u00e9 cela&nbsp;?&#8230; Parfois, tu utilises des choses et puis tu comprends seulement apr\u00e8s l\u2019utilit\u00e9. Logiquement, il vaut mieux aller du g\u00e9n\u00e9ral au particulier, l\u2019empirisme et l\u2019intuition peuvent aider aussi.<\/p>\n\n\n\n<p>Dans les entra\u00eenements, il y avait aussi beaucoup d\u2019exercices, de jeux, avec des th\u00e8mes qui obligent \u00e0 prendre de l\u2019information, analyser et d\u00e9cider. C\u2019est cela qui d\u00e9veloppe l\u2019intelligence tactique. L\u2019id\u00e9e, c\u2019est de cr\u00e9er de l\u2019espace pour prendre le ballon lanc\u00e9.&nbsp;<strong>C\u2019est l\u2019appel qui d\u00e9clenche la passe. Et pas l\u2019inverse.<\/strong>Tu peux avoir la technique de Messi mais si autour de toi personne ne bouge, l\u2019action ne peut pas se d\u00e9velopper. Jouer avec et pour le troisi\u00e8me joueur&nbsp;! Si toi, tu fais semblant de d\u00e9crocher et que tu veux la balle dans l\u2019espace, moi je vais te comprendre gr\u00e2ce \u00e0 l\u2019intelligence commune acquise lors des entra\u00eenements. C\u2019est tout cela que l\u2019on travaillait \u00e0 l\u2019entra\u00eenement avec Jos\u00e9. Il nous apprenait \u00e0 jouer ensemble et \u00e0 mieux nous comprendre. C\u2019\u00e9tait un visionnaire et il avait certainement un temps d\u2019avance sur son \u00e9poque.<\/p>\n\n\n\n<p>Il y avait aussi, il ne faut pas l\u2019oublier, des joueurs de talent avec une grande compl\u00e9mentarit\u00e9 dans le domaine de l\u2019intelligence, la puissance et l\u2019habilet\u00e9. Quand tes id\u00e9es deviennent celles des joueurs, pour l\u2019entra\u00eeneur tout devient plus simple. Le football, c\u2019est se comprendre. Quand on a dit cela, pour moi, on a dit l\u2019essentiel.<\/p>\n\n\n\n<p><em><strong>Dans ta carri\u00e8re de joueur, tu as ensuite eu Jean Vincent comme entra\u00eeneur ? Est-ce qu\u2019il a eu une continuit\u00e9&nbsp;?<\/strong><\/em><\/p>\n\n\n\n<p>L&rsquo;approche \u00e9tait diff\u00e9rente. Et c\u2019\u00e9tait normal car Jean Vincent c\u2019\u00e9tait une autre conception du football. C\u2019\u00e9tait un ancien joueur du Stade de Reims et ses amis \u00e9taient Piantoni, Kopa et Just Fontaine. Troisi\u00e8me de la Coupe du Monde en 1958. Il faudra attendre une \u00e9ternit\u00e9 pour faire mieux.<\/p>\n\n\n\n<p>C\u2019\u00e9taient des supers joueurs sur le plan tactique et technique. Naturellement, Jean Vincent n\u2019\u00e9tait pas dans une culture qui met le collectif au-dessus de tout. Il a eu l\u2019intelligence de s\u2019adapter \u00e0 l\u2019\u00e9quipe et laisser les principes acquis depuis des saisons s\u2019exprimer ! La stabilit\u00e9 de l\u2019effectif garantissait aussi la p\u00e9rennit\u00e9 des principes. L\u2019\u00e9quipe \u00e9tait m\u00eame demandeuse de travail physique sans ballon quand on en sentait la n\u00e9cessit\u00e9 car la vitesse du jeu impose une excellente condition physique.<\/p>\n\n\n\n<p><em><strong>Comment pourrait-on d\u00e9finir le profil d\u2019entra\u00eeneur de Jean Vincent&nbsp;?<\/strong><\/em><\/p>\n\n\n\n<p>TRANQUILLLLLLE, c\u2019\u00e9tait son mot avec une prononciation inimitable. C\u2019\u00e9tait un bon communicant. Il savait mettre une superbe ambiance et cr\u00e9er la confiance au sein du groupe. Jean Vincent c\u2019\u00e9tait un amoureux du foot. Son plus grand plaisir \u00e9tait de jouer avec nous.&nbsp; On l\u2019oublie parfois mais son palmar\u00e8s nantais est \u00e9loquent. Il a gagn\u00e9 deux titres de champion de France (1977 et 1980) et aussi obtenu en 1979, la premi\u00e8re Coupe de France du club contre Auxerre. &nbsp;<\/p>\n\n\n\n<p><em>Nous aurons l\u2019occasion d\u2019\u00e9voquer prochainement dans un prochain article sa carri\u00e8re d\u2019entra\u00eeneur au FC Nantes. Merci encore \u00e0 Raynald pour sa gentillesse et sa grande disponibilit\u00e9.<\/em><\/p>\n","protected":false},"excerpt":{"rendered":"<p>La maison jaune, est un paradis du Foot, Jos\u00e9 Arribas, Jean Vincent, Coco Suaudeau, Raynald DENOUEIX, Christian GOURCUFF, alors retrouvons Monsieur Denoueix ci dessous: Te souviens-tu de tes d\u00e9buts au club en 1966\u202f? Tr\u00e8s bien. Je jouais dans un petit &hellip; <a href=\"https:\/\/site.aefoot92.com\/?p=787\">Continuer la lecture <span class=\"meta-nav\">&rarr;<\/span><\/a><\/p>\n","protected":false},"author":1,"featured_media":0,"comment_status":"open","ping_status":"open","sticky":false,"template":"","format":"standard","meta":{"footnotes":""},"categories":[1],"tags":[],"class_list":["post-787","post","type-post","status-publish","format-standard","hentry","category-non-classe"],"_links":{"self":[{"href":"https:\/\/site.aefoot92.com\/index.php?rest_route=\/wp\/v2\/posts\/787","targetHints":{"allow":["GET"]}}],"collection":[{"href":"https:\/\/site.aefoot92.com\/index.php?rest_route=\/wp\/v2\/posts"}],"about":[{"href":"https:\/\/site.aefoot92.com\/index.php?rest_route=\/wp\/v2\/types\/post"}],"author":[{"embeddable":true,"href":"https:\/\/site.aefoot92.com\/index.php?rest_route=\/wp\/v2\/users\/1"}],"replies":[{"embeddable":true,"href":"https:\/\/site.aefoot92.com\/index.php?rest_route=%2Fwp%2Fv2%2Fcomments&post=787"}],"version-history":[{"count":2,"href":"https:\/\/site.aefoot92.com\/index.php?rest_route=\/wp\/v2\/posts\/787\/revisions"}],"predecessor-version":[{"id":790,"href":"https:\/\/site.aefoot92.com\/index.php?rest_route=\/wp\/v2\/posts\/787\/revisions\/790"}],"wp:attachment":[{"href":"https:\/\/site.aefoot92.com\/index.php?rest_route=%2Fwp%2Fv2%2Fmedia&parent=787"}],"wp:term":[{"taxonomy":"category","embeddable":true,"href":"https:\/\/site.aefoot92.com\/index.php?rest_route=%2Fwp%2Fv2%2Fcategories&post=787"},{"taxonomy":"post_tag","embeddable":true,"href":"https:\/\/site.aefoot92.com\/index.php?rest_route=%2Fwp%2Fv2%2Ftags&post=787"}],"curies":[{"name":"wp","href":"https:\/\/api.w.org\/{rel}","templated":true}]}}